{"id":135,"date":"2021-11-28T16:45:46","date_gmt":"2021-11-28T15:45:46","guid":{"rendered":"http:\/\/solidarite.artsakh.fr\/?p=135"},"modified":"2021-11-28T16:45:46","modified_gmt":"2021-11-28T15:45:46","slug":"jean-pierre-barbier","status":"publish","type":"post","link":"https:\/\/solidarite.artsakh.fr\/jean-pierre-barbier\/","title":{"rendered":"Jean-Pierre Barbier"},"content":{"rendered":"\n<p>Le D\u00e9partement de l&rsquo;Is\u00e8re a sign\u00e9 une charte d\u2019amiti\u00e9 avec le Haut-Karabagh en septembre 2019. C\u2019est donc en toute logique que nous avons fait le choix de proposer en octobre 2020 une aide de 50 000 \u20ac \u00e0 l\u2019attention du Fonds Arm\u00e9nien de France pour venir en soutien aux populations victimes du conflit.<\/p>\n\n\n\n<p>Jean-Pierre Barbier<\/p>\n\n\n\n<p>Pr\u00e9sident du D\u00e9partement de l\u2019Is\u00e8re<\/p>\n","protected":false},"excerpt":{"rendered":"<p>Le D\u00e9partement de l&rsquo;Is\u00e8re a sign\u00e9 une charte d\u2019amiti\u00e9 avec le Haut-Karabagh en septembre 2019. C\u2019est donc en toute logique que nous avons fait le [&#8230;]<\/p>\n","protected":false},"author":2,"featured_media":0,"comment_status":"closed","ping_status":"closed","sticky":false,"template":"","format":"standard","meta":{"footnotes":""},"categories":[],"tags":[],"cc_featured_image_caption":{"caption_text":false,"source_text":false,"source_url":false},"_links":{"self":[{"href":"https:\/\/solidarite.artsakh.fr\/wp-json\/wp\/v2\/posts\/135"}],"collection":[{"href":"https:\/\/solidarite.artsakh.fr\/wp-json\/wp\/v2\/posts"}],"about":[{"href":"https:\/\/solidarite.artsakh.fr\/wp-json\/wp\/v2\/types\/post"}],"author":[{"embeddable":true,"href":"https:\/\/solidarite.artsakh.fr\/wp-json\/wp\/v2\/users\/2"}],"replies":[{"embeddable":true,"href":"https:\/\/solidarite.artsakh.fr\/wp-json\/wp\/v2\/comments?post=135"}],"version-history":[{"count":1,"href":"https:\/\/solidarite.artsakh.fr\/wp-json\/wp\/v2\/posts\/135\/revisions"}],"predecessor-version":[{"id":136,"href":"https:\/\/solidarite.artsakh.fr\/wp-json\/wp\/v2\/posts\/135\/revisions\/136"}],"wp:attachment":[{"href":"https:\/\/solidarite.artsakh.fr\/wp-json\/wp\/v2\/media?parent=135"}],"wp:term":[{"taxonomy":"category","embeddable":true,"href":"https:\/\/solidarite.artsakh.fr\/wp-json\/wp\/v2\/categories?post=135"},{"taxonomy":"post_tag","embeddable":true,"href":"https:\/\/solidarite.artsakh.fr\/wp-json\/wp\/v2\/tags?post=135"}],"curies":[{"name":"wp","href":"https:\/\/api.w.org\/{rel}","templated":true}]}}