{"id":223,"date":"2022-04-17T14:37:00","date_gmt":"2022-04-17T12:37:00","guid":{"rendered":"http:\/\/solidarite.artsakh.fr\/?p=223"},"modified":"2026-01-23T07:53:27","modified_gmt":"2026-01-23T06:53:27","slug":"les-resolutions-du-senat-et-de-lassemblee-nationale","status":"publish","type":"post","link":"https:\/\/solidarite.artsakh.fr\/les-resolutions-du-senat-et-de-lassemblee-nationale\/","title":{"rendered":"Les r\u00e9solutions du S\u00e9nat et de l&rsquo;Assembl\u00e9e nationale"},"content":{"rendered":"\n<p>R\u00e9volt\u00e9es par les exactions de l&rsquo;Azerba\u00efdjan, les deux Chambres de la Repr\u00e9sentation nationale &#8211; S\u00e9nat et Assembl\u00e9e nationale &#8211; ont vot\u00e9 d\u00e8s la fin 2020 &#8211; alors que les combats \u00e9taient \u00e0 peine termin\u00e9s &#8211; deux r\u00e9solutions d&rsquo;exception qui demandent au gouvernement fran\u00e7ais de reconna\u00eetre la R\u00e9publique d&rsquo;Artsakh. Voici ces deux r\u00e9solutions historiques.<\/p>\n\n\n\n<h2 class=\"wp-block-heading\">R\u00e9solution n\u00b026 du S\u00e9nat (25\/11\/2020) portant sur la n\u00e9cessit\u00e9 de reconna\u00eetre la R\u00e9publique du Haut-Karabagh<\/h2>\n\n\n\n<div data-wp-interactive=\"core\/file\" class=\"wp-block-file\"><object data-wp-bind--hidden=\"!state.hasPdfPreview\"  class=\"wp-block-file__embed\" data=\"https:\/\/solidarite.artsakh.fr\/wp-content\/uploads\/2022\/05\/Resolution-n\u00b026-du-Senat-25-novembre-2020.pdf\" type=\"application\/pdf\" style=\"width:100%;height:600px\" aria-label=\"Contenu embarqu\u00e9 Contenu embarqu\u00e9 R\u00e9solution n\u00b026 du S\u00e9nat - 25 novembre 2020..\"><\/object><a id=\"wp-block-file--media-92426ee5-7adb-434c-b391-8a99dc417bb8\" href=\"https:\/\/solidarite.artsakh.fr\/wp-content\/uploads\/2022\/05\/Resolution-n\u00b026-du-Senat-25-novembre-2020.pdf\">R\u00e9solution n\u00b026 du S\u00e9nat &#8211; 25 novembre 2020<\/a><a href=\"https:\/\/solidarite.artsakh.fr\/wp-content\/uploads\/2022\/05\/Resolution-n\u00b026-du-Senat-25-novembre-2020.pdf\" class=\"wp-block-file__button\" download aria-describedby=\"wp-block-file--media-92426ee5-7adb-434c-b391-8a99dc417bb8\">T\u00e9l\u00e9charger<\/a><\/div>\n\n\n\n<h2 class=\"wp-block-heading\">R\u00e9solution n\u00b0520 de l&rsquo;Assembl\u00e9e nationale (3\/12\/2020) sur la protection du peuple arm\u00e9nien et des communaut\u00e9s chr\u00e9tiennes d&rsquo;Europe et d&rsquo;Orient<\/h2>\n\n\n\n<div data-wp-interactive=\"core\/file\" class=\"wp-block-file\"><object data-wp-bind--hidden=\"!state.hasPdfPreview\"  class=\"wp-block-file__embed\" data=\"https:\/\/solidarite.artsakh.fr\/wp-content\/uploads\/2022\/05\/Resolution-n\u00b0520-de-lA.N.-3-decembre-2020.pdf\" type=\"application\/pdf\" style=\"width:100%;height:600px\" aria-label=\"Contenu embarqu\u00e9 Contenu embarqu\u00e9 R\u00e9solution n\u00b0520 de l'A.N. - 3 d\u00e9cembre 2020..\"><\/object><a id=\"wp-block-file--media-a5ba864e-bbd9-4ea5-bcd5-18ed14752c9c\" href=\"https:\/\/solidarite.artsakh.fr\/wp-content\/uploads\/2022\/05\/Resolution-n\u00b0520-de-lA.N.-3-decembre-2020.pdf\">R\u00e9solution n\u00b0520 de l&rsquo;A.N. &#8211; 3 d\u00e9cembre 2020<\/a><a href=\"https:\/\/solidarite.artsakh.fr\/wp-content\/uploads\/2022\/05\/Resolution-n\u00b0520-de-lA.N.-3-decembre-2020.pdf\" class=\"wp-block-file__button\" download aria-describedby=\"wp-block-file--media-a5ba864e-bbd9-4ea5-bcd5-18ed14752c9c\">T\u00e9l\u00e9charger<\/a><\/div>\n","protected":false},"excerpt":{"rendered":"<p>R\u00e9volt\u00e9es par les exactions de l&rsquo;Azerba\u00efdjan, les deux Chambres de la Repr\u00e9sentation nationale &#8211; S\u00e9nat et Assembl\u00e9e nationale &#8211; ont vot\u00e9 d\u00e8s la fin 2020 [&#8230;]<\/p>\n","protected":false},"author":2,"featured_media":0,"comment_status":"closed","ping_status":"closed","sticky":false,"template":"","format":"standard","meta":{"footnotes":""},"categories":[1],"tags":[],"cc_featured_image_caption":{"caption_text":"","source_text":"","source_url":""},"_links":{"self":[{"href":"https:\/\/solidarite.artsakh.fr\/wp-json\/wp\/v2\/posts\/223"}],"collection":[{"href":"https:\/\/solidarite.artsakh.fr\/wp-json\/wp\/v2\/posts"}],"about":[{"href":"https:\/\/solidarite.artsakh.fr\/wp-json\/wp\/v2\/types\/post"}],"author":[{"embeddable":true,"href":"https:\/\/solidarite.artsakh.fr\/wp-json\/wp\/v2\/users\/2"}],"replies":[{"embeddable":true,"href":"https:\/\/solidarite.artsakh.fr\/wp-json\/wp\/v2\/comments?post=223"}],"version-history":[{"count":5,"href":"https:\/\/solidarite.artsakh.fr\/wp-json\/wp\/v2\/posts\/223\/revisions"}],"predecessor-version":[{"id":736,"href":"https:\/\/solidarite.artsakh.fr\/wp-json\/wp\/v2\/posts\/223\/revisions\/736"}],"wp:attachment":[{"href":"https:\/\/solidarite.artsakh.fr\/wp-json\/wp\/v2\/media?parent=223"}],"wp:term":[{"taxonomy":"category","embeddable":true,"href":"https:\/\/solidarite.artsakh.fr\/wp-json\/wp\/v2\/categories?post=223"},{"taxonomy":"post_tag","embeddable":true,"href":"https:\/\/solidarite.artsakh.fr\/wp-json\/wp\/v2\/tags?post=223"}],"curies":[{"name":"wp","href":"https:\/\/api.w.org\/{rel}","templated":true}]}}